{"id":1028,"date":"2024-01-19T20:00:39","date_gmt":"2024-01-19T20:00:39","guid":{"rendered":"https:\/\/cenandoporelmundo.com\/?p=1028"},"modified":"2024-01-19T21:02:43","modified_gmt":"2024-01-19T21:02:43","slug":"pezas-da-portela","status":"publish","type":"post","link":"https:\/\/cenandoporelmundo.com\/?p=1028","title":{"rendered":"Pezas da Portela"},"content":{"rendered":"\n<p>Si hace unos d\u00edas os presente uno de mis vinos favoritos (Tinto) hoy os traigo el vino blanco que no falta en ninguna de nuestras reuniones familiares.<\/p>\n\n\n\n<p><strong>Descripci\u00f3n Bodega:<\/strong><br>Selecci\u00f3n de once peque\u00f1as fincas ubicadas en laderas pizarrosas del pueblo de Portela (municipio de Vilamart\u00edn de Valdeorras). Vi\u00f1edos hist\u00f3ricamente propiedad de la familia, de una media de 50 a\u00f1os ubicados a 500 m de altitud y con diversas orientaciones que maduran progresivamente y permiten una vinificaci\u00f3n parcelaria.<\/p>\n\n\n\n<p>Variedad:; 100% godello<br>Vi\u00f1as:; fincas de Portela<br>Elaboraci\u00f3n:; fermentado en barrica<br>Servicio:; Es muy importante servir a unos 12\u00ba C.<br>Bodega:;<a href=\"http:\/\/www.valdesil.com\/docroot\/pezas.php\">www.valdesil.com<\/a><br>Precio en tienda:; de unos 20 a 29 euros<br>Puntos gu\u00eda Pe\u00f1\u00edn:; 93 puntos para la a\u00f1ada del 2.010<br>Nuestra Calificaci\u00f3n:;rating=5<\/p>\n","protected":false},"excerpt":{"rendered":"<p>Si hace unos d\u00edas os presente uno de mis vinos favoritos (Tinto) hoy os traigo el vino blanco que no falta en ninguna de nuestras reuniones familiares. Descripci\u00f3n Bodega:Selecci\u00f3n de&#8230;<\/p>\n","protected":false},"author":2,"featured_media":1075,"comment_status":"open","ping_status":"open","sticky":false,"template":"","format":"standard","meta":{"footnotes":""},"categories":[27,36,35,29,26],"tags":[81],"class_list":{"0":"post-1028","1":"post","2":"type-post","3":"status-publish","4":"format-standard","5":"has-post-thumbnail","7":"category-blancos","8":"category-godello","9":"category-uva","10":"category-valdeorras","11":"category-vinos","12":"tag-vinos"},"_links":{"self":[{"href":"https:\/\/cenandoporelmundo.com\/index.php?rest_route=\/wp\/v2\/posts\/1028","targetHints":{"allow":["GET"]}}],"collection":[{"href":"https:\/\/cenandoporelmundo.com\/index.php?rest_route=\/wp\/v2\/posts"}],"about":[{"href":"https:\/\/cenandoporelmundo.com\/index.php?rest_route=\/wp\/v2\/types\/post"}],"author":[{"embeddable":true,"href":"https:\/\/cenandoporelmundo.com\/index.php?rest_route=\/wp\/v2\/users\/2"}],"replies":[{"embeddable":true,"href":"https:\/\/cenandoporelmundo.com\/index.php?rest_route=%2Fwp%2Fv2%2Fcomments&post=1028"}],"version-history":[{"count":2,"href":"https:\/\/cenandoporelmundo.com\/index.php?rest_route=\/wp\/v2\/posts\/1028\/revisions"}],"predecessor-version":[{"id":1081,"href":"https:\/\/cenandoporelmundo.com\/index.php?rest_route=\/wp\/v2\/posts\/1028\/revisions\/1081"}],"wp:featuredmedia":[{"embeddable":true,"href":"https:\/\/cenandoporelmundo.com\/index.php?rest_route=\/wp\/v2\/media\/1075"}],"wp:attachment":[{"href":"https:\/\/cenandoporelmundo.com\/index.php?rest_route=%2Fwp%2Fv2%2Fmedia&parent=1028"}],"wp:term":[{"taxonomy":"category","embeddable":true,"href":"https:\/\/cenandoporelmundo.com\/index.php?rest_route=%2Fwp%2Fv2%2Fcategories&post=1028"},{"taxonomy":"post_tag","embeddable":true,"href":"https:\/\/cenandoporelmundo.com\/index.php?rest_route=%2Fwp%2Fv2%2Ftags&post=1028"}],"curies":[{"name":"wp","href":"https:\/\/api.w.org\/{rel}","templated":true}]}}